{"id":1,"date":"2018-12-15T13:14:05","date_gmt":"2018-12-15T15:14:05","guid":{"rendered":"https:\/\/artelie.com.br\/?p=1"},"modified":"2019-06-19T16:18:49","modified_gmt":"2019-06-19T19:18:49","slug":"ola-mundo","status":"publish","type":"post","link":"https:\/\/artelie.com.br\/?p=1","title":{"rendered":"Blog da Alessandra de Azevedo"},"content":{"rendered":"\n<ul class=\"wp-block-gallery columns-0 is-cropped\"><\/ul>\n\n\n\n<p> <br><\/p>\n\n\n\n<p style=\"text-align:left\">\n\nA diversidade de materiais, texturas, cores e produtos que temos em nosso mercado, encantam demasiadamente. Essa diversidade , pelo seu lado positivo, nos permite cada vez mais personalizar nossos trabalhos para cada cliente, Pelo seu lado negativo, o excesso de informa\u00e7\u00f5es e op\u00e7\u00f5es, confunde e atrasa o processo.Muito normal esta situa\u00e7\u00e3o nos dias de hoje, afinal de contas a velocidade da informa\u00e7\u00e3o e das necessidades est\u00e3o cada vez maiores.&nbsp;Mas felizmente, n\u00f3s profissionais Arquitetos, treinados para atender e resolver essas quest\u00f5es, como criar ambientes confort\u00e1veis, pr\u00e1ticos e econ\u00f4micos, dispondo dessa diversidade,conseguimos contemplar de forma mais certeira o desejo de cada um, contando a historia de cada um, considerando a disponibilidade financeira de cada um, os sonhos e todos os demais itens que envolvem a realiza\u00e7\u00e3o de um sonho e\/ou de uma necessidade.<br><\/p>\n\n\n\n<p><br><\/p>\n\n\n\n<p> <\/p>\n\n\n\n<p>\n\nAtender portadores de necessidade especiais e ambientes da sa\u00fade, sempre s\u00e3o um desafio \u00e0 parte.&nbsp; Ter necessidade especial, pode significar algu\u00e9m que esta com a perna quebrada, pode significar algu\u00e9m que n\u00e3o escute ou n\u00e3o enxergue, pode significar que a necessidade tenha nascido com a pessoa ou que a necessidade tenha surgido depois de um tempo, enfim, sempre \u00e9 importante contemplarmos a todos. Felizmente, nossa legisla\u00e7\u00e3o voltou a se preocupar e a exigir que todos os profissionais e locais tenham aten\u00e7\u00e3o em rela\u00e7\u00e3o aos problemas do outro, proporcionando maior conforto, maior praticidade, maior inclus\u00e3o, maior seguran\u00e7a.<\/p>\n\n\n\n<p>Ale\n\n<\/p>\n\n\n\n<p><br><\/p>\n","protected":false},"excerpt":{"rendered":"<p>A diversidade de materiais, texturas, cores e produtos que temos em nosso mercado, encantam demasiadamente. Essa diversidade , pelo seu lado positivo, nos permite cada vez mais personalizar nossos trabalhos para cada cliente, Pelo seu lado negativo, o excesso de informa\u00e7\u00f5es e op\u00e7\u00f5es, confunde e atrasa o processo.Muito normal esta situa\u00e7\u00e3o nos dias de hoje, &hellip; <\/p>\n<p class=\"link-more\"><a href=\"https:\/\/artelie.com.br\/?p=1\" class=\"more-link\">Continue lendo<span class=\"screen-reader-text\"> &#8220;Blog da Alessandra de Azevedo&#8221;<\/span><\/a><\/p>\n","protected":false},"author":1,"featured_media":0,"comment_status":"closed","ping_status":"closed","sticky":false,"template":"","format":"standard","meta":[],"categories":[1],"tags":[],"_links":{"self":[{"href":"https:\/\/artelie.com.br\/index.php?rest_route=\/wp\/v2\/posts\/1"}],"collection":[{"href":"https:\/\/artelie.com.br\/index.php?rest_route=\/wp\/v2\/posts"}],"about":[{"href":"https:\/\/artelie.com.br\/index.php?rest_route=\/wp\/v2\/types\/post"}],"author":[{"embeddable":true,"href":"https:\/\/artelie.com.br\/index.php?rest_route=\/wp\/v2\/users\/1"}],"replies":[{"embeddable":true,"href":"https:\/\/artelie.com.br\/index.php?rest_route=%2Fwp%2Fv2%2Fcomments&post=1"}],"version-history":[{"count":8,"href":"https:\/\/artelie.com.br\/index.php?rest_route=\/wp\/v2\/posts\/1\/revisions"}],"predecessor-version":[{"id":684,"href":"https:\/\/artelie.com.br\/index.php?rest_route=\/wp\/v2\/posts\/1\/revisions\/684"}],"wp:attachment":[{"href":"https:\/\/artelie.com.br\/index.php?rest_route=%2Fwp%2Fv2%2Fmedia&parent=1"}],"wp:term":[{"taxonomy":"category","embeddable":true,"href":"https:\/\/artelie.com.br\/index.php?rest_route=%2Fwp%2Fv2%2Fcategories&post=1"},{"taxonomy":"post_tag","embeddable":true,"href":"https:\/\/artelie.com.br\/index.php?rest_route=%2Fwp%2Fv2%2Ftags&post=1"}],"curies":[{"name":"wp","href":"https:\/\/api.w.org\/{rel}","templated":true}]}}